{"id":47,"date":"2024-01-18T11:34:30","date_gmt":"2024-01-18T11:34:30","guid":{"rendered":"https:\/\/meltosag.hu\/?p=47"},"modified":"2024-01-18T23:05:27","modified_gmt":"2024-01-18T22:05:27","slug":"a-fogyatekossag-nem-lehet-oka-az-eutanazianak","status":"publish","type":"post","link":"https:\/\/meltosag.hu\/en\/a-fogyatekossag-nem-lehet-oka-az-eutanazianak\/","title":{"rendered":"A fogyat\u00e9koss\u00e1g nem lehet oka az eutan\u00e1zi\u00e1nak"},"content":{"rendered":"<p>Legyen mindenkinek teljes az \u00e9lete!<\/p>\n\n\n\n<p>Amikor a \u201ekegyes hal\u00e1lk\u00e9nt\u201d cs\u00fafolt gyakorlatot m\u00e1r nemcsak a menthetetlen\u00fcl beteg, \u00e9let\u00fck v\u00e9g\u00e9n j\u00e1r\u00f3 emberek eset\u00e9ben alkalmazhatj\u00e1k \u2013 nem mintha ez \u0151 \u00e9let\u00fck sz\u00e1nd\u00e9kosan kiolthat\u00f3 lenne \u2013 hanem b\u00e1rkin, akir\u0151l saj\u00e1t maga vagy m\u00e1s kimondja, hogy \u00e9lete \u201e\u00e9rt\u00e9ktelen\u201d vagy \u201ehasztalan\u201d, a jog rossz \u00fatra t\u00e9ved. Ez a n\u00e9zet int\u00e9zm\u00e9nyes\u00edti \u00e9s t\u00f6rv\u00e9nyes\u00edti a fogyat\u00e9koselleness\u00e9get \u00e9s egy\u00e9rtelm\u0171en s\u00e9rti az ENSZ ilyen ir\u00e1ny\u00fa egyezm\u00e9ny\u00e9ben foglaltakat.<\/p>\n\n\n\n<p>A szak\u00e9rt\u0151k nyilatkozatukban arra is kit\u00e9rtek, hogy a fogyat\u00e9koss\u00e1g nem teher vagy emberi deficit, hanem az emberi l\u00e9t egyik aspektusa. Az \u00e1llamnak k\u00f6teless\u00e9ge az emberi jogok el\u0151mozd\u00edt\u00e1sa, bele\u00e9rtve az \u00e9lethez val\u00f3 jogot mindenki sz\u00e1m\u00e1ra.<\/p>\n\n\n\n<p>A Kossuth R\u00e1di\u00f3 Az Este c\u00edm\u0171 m\u0171sor\u00e1ban ezekr\u0151l az \u00e9lethelyzetekr\u0151l besz\u00e9lgett\u00fcnk Steinbach \u00c9v\u00e1val febru\u00e1r 3-\u00e1n.&nbsp;<a href=\"https:\/\/mediaklikk.hu\/musor\/az-este-hazigazda\/\">https:\/\/mediaklikk.hu\/musor\/az-este-hazigazda\/<\/a><\/p>\n\n\n\n<figure class=\"wp-block-embed\"><div class=\"wp-block-embed__wrapper\">\nhttps:\/\/www.ohchr.org\/EN\/NewsEvents\/Pages\/DisplayNews.aspx?NewsID=26687&#038;LangID=E\n<\/div><\/figure>","protected":false},"excerpt":{"rendered":"<p>A fogyat\u00e9koss\u00e1g sohasem lehet alapja egy emberi \u00e9let k\u00f6zvetett vagy k\u00f6zvetlen kiolt\u00e1s\u00e1nak \u2013 nyilatkozt\u00e1k az ENSZ szak\u00e9rt\u0151i, akik aggodalmukat fejezt\u00e9k ki az assziszt\u00e1lt \u00f6ngyilkoss\u00e1gok n\u00f6vekv\u0151 sz\u00e1m\u00e1t l\u00e1tva.<\/p>","protected":false},"author":1,"featured_media":132,"comment_status":"closed","ping_status":"closed","sticky":false,"template":"","format":"standard","meta":{"footnotes":""},"categories":[1],"tags":[],"class_list":["post-47","post","type-post","status-publish","format-standard","has-post-thumbnail","hentry","category-uncategorized"],"_links":{"self":[{"href":"https:\/\/meltosag.hu\/en\/wp-json\/wp\/v2\/posts\/47","targetHints":{"allow":["GET"]}}],"collection":[{"href":"https:\/\/meltosag.hu\/en\/wp-json\/wp\/v2\/posts"}],"about":[{"href":"https:\/\/meltosag.hu\/en\/wp-json\/wp\/v2\/types\/post"}],"author":[{"embeddable":true,"href":"https:\/\/meltosag.hu\/en\/wp-json\/wp\/v2\/users\/1"}],"replies":[{"embeddable":true,"href":"https:\/\/meltosag.hu\/en\/wp-json\/wp\/v2\/comments?post=47"}],"version-history":[{"count":3,"href":"https:\/\/meltosag.hu\/en\/wp-json\/wp\/v2\/posts\/47\/revisions"}],"predecessor-version":[{"id":136,"href":"https:\/\/meltosag.hu\/en\/wp-json\/wp\/v2\/posts\/47\/revisions\/136"}],"wp:featuredmedia":[{"embeddable":true,"href":"https:\/\/meltosag.hu\/en\/wp-json\/wp\/v2\/media\/132"}],"wp:attachment":[{"href":"https:\/\/meltosag.hu\/en\/wp-json\/wp\/v2\/media?parent=47"}],"wp:term":[{"taxonomy":"category","embeddable":true,"href":"https:\/\/meltosag.hu\/en\/wp-json\/wp\/v2\/categories?post=47"},{"taxonomy":"post_tag","embeddable":true,"href":"https:\/\/meltosag.hu\/en\/wp-json\/wp\/v2\/tags?post=47"}],"curies":[{"name":"wp","href":"https:\/\/api.w.org\/{rel}","templated":true}]}}