{"id":53,"date":"2024-01-18T11:37:05","date_gmt":"2024-01-18T11:37:05","guid":{"rendered":"https:\/\/meltosag.hu\/?p=53"},"modified":"2024-01-18T23:05:04","modified_gmt":"2024-01-18T22:05:04","slug":"a-csecsemok-veszelyeztetik-az-emberi-kihalas-eredmenyesseget","status":"publish","type":"post","link":"https:\/\/meltosag.hu\/en\/a-csecsemok-veszelyeztetik-az-emberi-kihalas-eredmenyesseget\/","title":{"rendered":"A csecsem\u0151k vesz\u00e9lyeztetik az emberi kihal\u00e1s eredm\u00e9nyess\u00e9g\u00e9t?"},"content":{"rendered":"<p>Vess\u00fcnk egy pillant\u00e1st a val\u00f3s\u00e1gra: val\u00f3ban meglehet\u0151sen sokan \u00e9l\u00fcnk a F\u00f6ld\u00f6n, f\u0151leg az eg\u00e9szs\u00e9g\u00fcgyi ell\u00e1t\u00e1sok ugr\u00e1sszer\u0171 javul\u00e1s\u00e1val az ut\u00f3bbi \u00e9vtizedekben. Val\u00f3ban sokan \u00e9heznek a szeg\u00e9nyebb orsz\u00e1gokban, mivel az \u00e9lelem egy r\u00e9sz\u00e9t nem tudj\u00e1k megfelel\u0151en t\u00e1rolni (\u00edgy az megromlik), a fejlett orsz\u00e1gokban pedig ahelyett, hogy eljuttatn\u00e1nk az \u00e9lelmet a szeg\u00e9nyebbeknek, ink\u00e1bb kidobjuk. (L\u00e1sd az ENSZ \u00c9lelmez\u00e9s\u00fcgyi felm\u00e9r\u00e9seit). Demogr\u00e1fiai v\u00e1ls\u00e1got \u00e9l\u00fcnk, azaz az id\u0151sebb gener\u00e1ci\u00f3t egyre kev\u00e9sb\u00e9 tudja eltartani a fiatalabb, munkaer\u0151piacon akt\u00edv n\u00e9pess\u00e9g. Legal\u00e1bbis Eur\u00f3p\u00e1ra ez jellemz\u0151.<\/p>\n\n\n\n<p>Val\u00f3ban az a felel\u0151s feln\u0151tt, aki nem sz\u00fcl gyermeket? Aki nem termeli \u00fajra a munkaer\u0151t? Aki \u00e9letet ad? Val\u00f3ban van l\u00e9tjogosults\u00e1ga a magyar sz\u00f3haszn\u00e1latnak, amikor is a v\u00e1rand\u00f3ss\u00e1got terhess\u00e9gnek, a gyermeket ellens\u00e9gnek \u00e1ll\u00edtja be, aki ellen \u201ev\u00e9dekezni\u201d kell? Szerintem nem. A felel\u0151ss\u00e9g nemcsak a saj\u00e1t \u00e9letemre \u00e9s a saj\u00e1t j\u00f3l\u00e9temre korl\u00e1toz\u00f3dik, hanem mag\u00e1ban foglalja m\u00e1sok j\u00f3l\u00e9t\u00e9t is, legyenek ak\u00e1r m\u00e1s orsz\u00e1gb\u00f3l val\u00f3k, m\u00e1s kontinensen \u00e9l\u0151k vagy sz\u00e1momra teljesen idegen id\u0151s vagy magzati kor\u00faak.<\/p>\n\n\n\n<p>Minden liber\u00e1lis, individualista, agressz\u00edv t\u00f6rekv\u00e9s, amely a kihal\u00e1sra biztatja a nemzeteket az iskol\u00e1soknak sz\u00e1nt \u00e1tfog\u00f3 szexu\u00e1lis nevel\u00e9si programokon vagy az abortuszt norm\u00e1v\u00e1 tev\u0151 nemzetk\u00f6zi k\u00f6telezetts\u00e9geken kereszt\u00fcl \u00e1rt az emberis\u00e9gnek. \u00c1rt nemcsak gyermekeinknek, hanem nek\u00fcnk, \u00e9rtelmes \u00e9s felel\u0151s feln\u0151tteknek is. A sz\u00f3haszn\u00e1latunkba, a k\u00e9perny\u0151nk\u00f6n \u00e1t az \u00e9let\u00fcnkbe behatol\u00f3 abortuszkult\u00fara nem \u00e9p\u00edti, hanem rombolja csal\u00e1di kapcsolatainkat \u00e9s egy\u00e9ni boldogul\u00e1sunkat. Ez\u00e9rt kell fell\u00e9pn\u00fcnk l\u00e9pten-nyomon a nemzetk\u00f6zi \u00e9s hazai k\u00f6z\u00e9letben megtestes\u00fcl\u0151 \u00e9let- \u00e9s emberellenes t\u00f6rekv\u00e9sekkel szemben.<\/p>\n\n\n\n<p>Bill Gates nagyszer\u0171en \u00f6sszefoglalja \u00e9letellenes ars poetic\u00e1j\u00e1t az al\u00e1bbi linken tal\u00e1lhat\u00f3 cikk egyik vide\u00f3j\u00e1ban:<\/p>\n\n\n\n<figure class=\"wp-block-embed\"><div class=\"wp-block-embed__wrapper\">\nhttps:\/\/gloria.tv\/post\/PuY116Em7H2749CoUqqJEn8Td\n<\/div><\/figure>","protected":false},"excerpt":{"rendered":"<p>A kl\u00edmakatasztr\u00f3fa riogat\u00f3i k\u00f6z\u00f6tt hangoztatnak ilyen \u00e9rveket. Mert t\u00fal sokan vagyunk a F\u00f6ld\u00f6n. Mert nincs el\u00e9g \u00e9lelem. Mert az a felel\u0151s feln\u0151tt, aki nem sz\u00fcl gyermeket. \u00c9s m\u00e9g sorolhatn\u00e1nk a v\u00e9get nem \u00e9r\u0151 emberellenes \u00e9rveket.<\/p>","protected":false},"author":1,"featured_media":145,"comment_status":"closed","ping_status":"closed","sticky":false,"template":"","format":"standard","meta":{"footnotes":""},"categories":[1],"tags":[],"class_list":["post-53","post","type-post","status-publish","format-standard","has-post-thumbnail","hentry","category-uncategorized"],"_links":{"self":[{"href":"https:\/\/meltosag.hu\/en\/wp-json\/wp\/v2\/posts\/53","targetHints":{"allow":["GET"]}}],"collection":[{"href":"https:\/\/meltosag.hu\/en\/wp-json\/wp\/v2\/posts"}],"about":[{"href":"https:\/\/meltosag.hu\/en\/wp-json\/wp\/v2\/types\/post"}],"author":[{"embeddable":true,"href":"https:\/\/meltosag.hu\/en\/wp-json\/wp\/v2\/users\/1"}],"replies":[{"embeddable":true,"href":"https:\/\/meltosag.hu\/en\/wp-json\/wp\/v2\/comments?post=53"}],"version-history":[{"count":2,"href":"https:\/\/meltosag.hu\/en\/wp-json\/wp\/v2\/posts\/53\/revisions"}],"predecessor-version":[{"id":146,"href":"https:\/\/meltosag.hu\/en\/wp-json\/wp\/v2\/posts\/53\/revisions\/146"}],"wp:featuredmedia":[{"embeddable":true,"href":"https:\/\/meltosag.hu\/en\/wp-json\/wp\/v2\/media\/145"}],"wp:attachment":[{"href":"https:\/\/meltosag.hu\/en\/wp-json\/wp\/v2\/media?parent=53"}],"wp:term":[{"taxonomy":"category","embeddable":true,"href":"https:\/\/meltosag.hu\/en\/wp-json\/wp\/v2\/categories?post=53"},{"taxonomy":"post_tag","embeddable":true,"href":"https:\/\/meltosag.hu\/en\/wp-json\/wp\/v2\/tags?post=53"}],"curies":[{"name":"wp","href":"https:\/\/api.w.org\/{rel}","templated":true}]}}