{"id":59,"date":"2024-01-18T11:38:43","date_gmt":"2024-01-18T11:38:43","guid":{"rendered":"https:\/\/meltosag.hu\/?p=59"},"modified":"2024-01-18T23:04:44","modified_gmt":"2024-01-18T22:04:44","slug":"vege-a-feminista-novedelemnek-ha-az-lmbt-aktivizmussal-tarsul","status":"publish","type":"post","link":"https:\/\/meltosag.hu\/en\/vege-a-feminista-novedelemnek-ha-az-lmbt-aktivizmussal-tarsul\/","title":{"rendered":"V\u00e9ge a feminista n\u0151v\u00e9delemnek, ha az LMBT aktivizmussal t\u00e1rsul"},"content":{"rendered":"<p>A m\u00e1r-m\u00e1r k\u00f6vethetetlen megnevez\u00e9ssel b\u00edr\u00f3 csoportosul\u00e1sok kritik\u00e1val illetik mindazokat, akik nem \u00e9rtenek egyet elk\u00e9pzel\u00e9seikkel. Leh\u00fazz\u00e1k azokat a civil szervezeteket, akik nem szeretn\u00e9k a gyermekeket transznem\u0171s\u00e9gre tan\u00edtani az iskol\u00e1kban vagy l\u00e9p\u00e9seket tesznek a val\u00f3di n\u0151v\u00e9delem mellett.<\/p>\n\n\n\n<p>Mit is \u00e9rtek ezalatt? Nevezhetj\u00fck-e n\u0151v\u00e9delemnek kisl\u00e1nyok megront\u00e1s\u00e1t? Nevezhetj\u00fck-e n\u0151v\u00e9delemnek a n\u0151k m\u00e9h\u00e9nek b\u00e9rbev\u00e9tel\u00e9t? Nevezhetj\u00fck-e n\u0151v\u00e9delemnek kiskor\u00fa l\u00e1nyok term\u00e9ketlenn\u00e9 t\u00e9tel\u00e9t? Szerintem nem.<\/p>\n\n\n\n<p>A gyerekeket \u00f6sszezavarja az a fajta \u00e1tfog\u00f3 szexu\u00e1lis nevel\u00e9s program, amit az ENSZ szervei, mint a WHO, UNESCO vagy UNICEF hirdetnek. Mi sem bizony\u00edtja ezt jobban, mint az Egyes\u00fclt Kir\u00e1lys\u00e1gban 2000 %-al n\u00f6v\u0151, nem\u00fcket megk\u00e9rd\u0151jelez\u0151 gyermekek sz\u00e1ma. Vagy az egyre t\u00f6bb kukkol\u00e1ssal, mutogat\u00e1ssal, vagy nemi er\u0151szakkal j\u00e1r\u00f3 b\u0171ncselekm\u00e9nyek sz\u00e1ma, amiket az uszod\u00e1kban \u00e9s nyilv\u00e1nos n\u0151i \u00f6lt\u00f6z\u0151kben k\u00f6vetnek el.<\/p>\n\n\n\n<p>Mindenki sz\u00e1m\u00e1ra egy\u00e9rtelm\u0171, hogy a homoszexu\u00e1lis t\u00e1rsadalom fenntart\u00e1s\u00e1hoz elengedhetetlen az \u00f6r\u00f6kbefogad\u00e1s vagy a b\u00e9ranyas\u00e1g int\u00e9zm\u00e9nye. M\u00e1sk\u00e9ppen nem lehet gyermeke a medd\u0151 p\u00e1roknak. Ehhez pedig szeg\u00e9nyebb csal\u00e1dokban, szeg\u00e9nyebb orsz\u00e1gokban \u00e9l\u0151 n\u0151k m\u00e9h\u00e9t haszn\u00e1lj\u00e1k fel: saj\u00e1t \u00f6r\u00f6k\u00edt\u0151anyagukkal rendelkez\u0151 megterm\u00e9keny\u00edtett petesejteket \u00fcltetnek be, hogy az anyam\u00e9h h\u00e1bor\u00edtatlans\u00e1g\u00e1ban n\u00f6vekedhessen a gyermek. Akit sz\u00fclet\u00e9se ut\u00e1n \u2013 a szerz\u0151d\u00e9s \u00e9rtelm\u00e9ben \u2013 r\u00f6gt\u00f6n \u00e1tadnak a szerz\u0151d\u0151 f\u00e9lnek. A gyermek tal\u00e1n nem is ismeri meg soha azt a n\u0151t, aki \u00e9lete els\u0151 kilenc h\u00f3napj\u00e1ban t\u00e1pl\u00e1lta \u00e9s v\u00e9dte.<\/p>\n\n\n\n<p>Az ENSZ N\u0151\u00fcgyi Bizotts\u00e1g\u00e1nak szak\u00e9rt\u0151i azokat a trendeket t\u00e1mogatj\u00e1k, melyek int\u00e9zm\u00e9nyes\u00edtik a kiskor\u00faakon v\u00e9gzett visszaford\u00edthatatlan beavatkoz\u00e1sokat. Huszon\u00e9ves l\u00e1nyok b\u00e1nj\u00e1k meg a nemi \u00e1talak\u00edt\u00f3 m\u0171t\u00e9teket, melyeket k\u00fcl\u00f6n\u00f6sebb pszichol\u00f3giai vizsg\u00e1lat n\u00e9lk\u00fcl \u201e\u00edrtak fel\u201d nekik\u2026 term\u00e9ketlens\u00e9get \u00e9s gy\u00f3gy\u00edthatatlan \u0171rt okozva.<\/p>\n\n\n\n<p>M\u00e1rciusban t\u00f6bbnyire virtu\u00e1lis form\u00e1ban d\u00f6ntenek az ENSZ N\u0151\u00fcgyi Bizotts\u00e1g\u00e1nak tagjai a n\u0151k d\u00f6nt\u00e9shozatalban val\u00f3 r\u00e9szv\u00e9tel\u00e9nek el\u0151mozd\u00edt\u00e1s\u00e1r\u00f3l, aminek egyik j\u00e1rul\u00e9kos eleme \u2013 \u00e9rthetetlen m\u00f3don \u2013 a transznem\u0171ek \u00e9rdekeinek er\u0151s\u00edt\u00e9se. Amint meger\u0151s\u00f6dnek a transznem\u0171 \u00e9rdekek, m\u00e9g gyeng\u00e9bb\u00e9 v\u00e1lik a gyeng\u00e9bbik nem, m\u00e9g kev\u00e9sb\u00e9 lehet n\u0151nek nevezni a n\u0151ket, \u00e9s ezzel egy\u00fctt n\u0151v\u00e9delemr\u0151l besz\u00e9lni.<\/p>","protected":false},"excerpt":{"rendered":"<p>Az ENSZ N\u0151\u00fcgyi Bizotts\u00e1g\u00e1nak m\u00e1rciusi \u00fcl\u00e9s\u00e9nek dokumentumaiban el\u0151t\u00e9rbe ker\u00fcltek a homoszexu\u00e1lis \u00e9letvitelt gyakorl\u00f3 n\u0151k v\u00e9delme.<\/p>","protected":false},"author":1,"featured_media":137,"comment_status":"closed","ping_status":"closed","sticky":false,"template":"","format":"standard","meta":{"footnotes":""},"categories":[1],"tags":[],"class_list":["post-59","post","type-post","status-publish","format-standard","has-post-thumbnail","hentry","category-uncategorized"],"_links":{"self":[{"href":"https:\/\/meltosag.hu\/en\/wp-json\/wp\/v2\/posts\/59","targetHints":{"allow":["GET"]}}],"collection":[{"href":"https:\/\/meltosag.hu\/en\/wp-json\/wp\/v2\/posts"}],"about":[{"href":"https:\/\/meltosag.hu\/en\/wp-json\/wp\/v2\/types\/post"}],"author":[{"embeddable":true,"href":"https:\/\/meltosag.hu\/en\/wp-json\/wp\/v2\/users\/1"}],"replies":[{"embeddable":true,"href":"https:\/\/meltosag.hu\/en\/wp-json\/wp\/v2\/comments?post=59"}],"version-history":[{"count":2,"href":"https:\/\/meltosag.hu\/en\/wp-json\/wp\/v2\/posts\/59\/revisions"}],"predecessor-version":[{"id":138,"href":"https:\/\/meltosag.hu\/en\/wp-json\/wp\/v2\/posts\/59\/revisions\/138"}],"wp:featuredmedia":[{"embeddable":true,"href":"https:\/\/meltosag.hu\/en\/wp-json\/wp\/v2\/media\/137"}],"wp:attachment":[{"href":"https:\/\/meltosag.hu\/en\/wp-json\/wp\/v2\/media?parent=59"}],"wp:term":[{"taxonomy":"category","embeddable":true,"href":"https:\/\/meltosag.hu\/en\/wp-json\/wp\/v2\/categories?post=59"},{"taxonomy":"post_tag","embeddable":true,"href":"https:\/\/meltosag.hu\/en\/wp-json\/wp\/v2\/tags?post=59"}],"curies":[{"name":"wp","href":"https:\/\/api.w.org\/{rel}","templated":true}]}}