{"id":67,"date":"2024-01-18T11:41:42","date_gmt":"2024-01-18T11:41:42","guid":{"rendered":"https:\/\/meltosag.hu\/?p=67"},"modified":"2024-01-18T23:04:17","modified_gmt":"2024-01-18T22:04:17","slug":"botrany-az-ensz-nougyi-bizottsaganak-ulesen","status":"publish","type":"post","link":"https:\/\/meltosag.hu\/en\/botrany-az-ensz-nougyi-bizottsaganak-ulesen\/","title":{"rendered":"Botr\u00e1ny az ENSZ N\u0151\u00fcgyi Bizotts\u00e1g\u00e1nak \u00fcl\u00e9s\u00e9n"},"content":{"rendered":"<p>Az ENSZ New York-i sz\u00e9kh\u00e1z\u00e1ban nem mindennapi dolgok t\u00f6rt\u00e9nnek<\/p>\n\n\n\n<p>A n\u0151k elleni er\u0151szak megf\u00e9kez\u00e9se \u00e9s a n\u0151k helyzet\u00e9nek, \u00e9letk\u00f6r\u00fclm\u00e9nyeinek jav\u00edt\u00e1sa \u00e9rdek\u00e9ben t\u00e1rgyal\u00f3 nemzetek minden \u00e9vben \u00f6sszefognak \u00e9s l\u00e9p\u00e9seket tesznek t\u00f6bbek k\u00f6z\u00f6tt a gyermekh\u00e1zass\u00e1gok visszaszor\u00edt\u00e1sa, a ritu\u00e1lis csonk\u00edt\u00e1sok megsz\u00fcntet\u00e9se vagy a n\u0151k \u00e9s f\u00e9rfiak k\u00f6z\u00f6tti b\u00e9rk\u00fcl\u00f6nbs\u00e9gek cs\u00f6kkent\u00e9se \u00e9rdek\u00e9ben. Ezekben a k\u00e9rd\u00e9sekben t\u00f6bbnyire egyet is \u00e9rtenek a deleg\u00e1ci\u00f3k az ENSZ New York-i sz\u00e9kh\u00e1z\u00e1ban minden m\u00e1rciusban megrendezett \u00fcl\u00e9sszakon.<\/p>\n\n\n\n<p>A csal\u00e1d t\u00e1rsadalomban bet\u00f6lt\u00f6tt szerepe \u00e9s az abortusz k\u00e9rd\u00e9se k\u00f6r\u00fcl viszont olyan \u00e9les vita alakult ki az ut\u00f3bbi \u00e9vekben, hogy id\u00e9n m\u00e1r a saj\u00e1t szab\u00e1lyait kellett felr\u00fagnia a bizotts\u00e1g eln\u00f6k\u00e9nek, hogy c\u00e9lt \u00e9rjenek a progressz\u00edv feminista t\u00f6rekv\u00e9sek.<\/p>\n\n\n\n<p>Mir\u0151l is van sz\u00f3?&nbsp;<strong>A szexu\u00e1lis \u00e9s reprodukt\u00edv eg\u00e9szs\u00e9g \u00e9s jogok sz\u00e9pen megfogalmazott \u00e1lc\u00e1ja alatt bek\u00faszik az egyezm\u00e9nyek nyelvezet\u00e9be az \u201eabortuszhoz val\u00f3 jog\u201d<\/strong>. Azok, akik a sz\u00fclet\u00e9s el\u0151tt \u00e1ll\u00f3 emberr\u0151l szinte tudom\u00e1st sem vesznek, akik az abortuszra jelentkez\u0151 kiskor\u00fa sz\u00fcleinek a hozz\u00e1j\u00e1rul\u00e1s\u00e1r\u00f3l se akarnak hallani, les\u00f6prik a sz\u00ednr\u0151l azokat, akik ellen\u00e1llnak a nyom\u00e1snak. S\u0151t! Ha arra j\u00e1r egy magzat k\u00e9p\u00e9vel felmatric\u00e1zott busz \u201eEngedj \u00e9lnem!\u201d felirattal, m\u00e1r zaklat\u00e1snak veszik egyesek, \u00e9s ennek hangot is adnak.<\/p>\n\n\n\n<p>Most ism\u00e9t \u00f6sszecsaptak a hull\u00e1mok az abortusz \u00e9s a csal\u00e1d fogalma k\u00f6r\u00fcl, \u00e9s a diplomat\u00e1kra oly jellemz\u0151 merev tart\u00e1s \u00e9s cizell\u00e1lt sz\u00f3haszn\u00e1lat m\u00e1r-m\u00e1r megt\u00f6rni l\u00e1tszott.<\/p>\n\n\n\n<p>Az \u00fcl\u00e9st vezet\u0151 \u00edr eln\u00f6k ugyanis \u2013 miut\u00e1n meghallgatta a sza\u00fad-ar\u00e1biai \u00e9s bahreini deleg\u00e1lt egy\u00e9rtelm\u0171 kritik\u00e1j\u00e1t a dokumentumtervezettel szemben \u2013 egy utols\u00f3 \u201eNincs ellenvet\u00e9s?\u201d k\u00e9rd\u00e9st k\u00f6vet\u0151en gyorsan lez\u00e1rta az \u00fcl\u00e9st \u00e9s elfogadottnak nyilv\u00e1n\u00edtotta az egy perccel kor\u00e1bban m\u00e9g \u00e9lesen vitatott pontokat.<\/p>\n\n\n\n<p>A t\u00f6rt\u00e9nteket \u00e9lesen kritiz\u00e1lta az Egyes\u00fclt \u00c1llamok k\u00e9pvisel\u0151je, aki v\u00e9gre tiszta vizet \u00f6nt\u00f6tt a poh\u00e1rba a fogalmakat illet\u0151en. Hangs\u00falyozta, hogy az abortuszt nem ismerik el csal\u00e1dtervez\u00e9si m\u00f3dszerk\u00e9nt, \u00e9s nem t\u00e1mogatj\u00e1k azt.<\/p>\n\n\n\n<p>A teljes cikk\u00e9rt l\u00e1togasson el a K\u00e9pm\u00e1s oldal\u00e1ra:&nbsp;<a href=\"https:\/\/kepmas.hu\/botrany-az-ensz-nougyi-bizottsagaban-hamisan-cseng-a-minden-not-kepviselo-hang?\">https:\/\/kepmas.hu\/botrany-az-ensz-nougyi-bizottsagaban-hamisan-cseng-a-minden-not-kepviselo-hang?<\/a><\/p>","protected":false},"excerpt":{"rendered":"<p>NEM MINDENNAPI BOTR\u00c1NY ALAKULT KI AZ ENSZ N\u0150\u00dcGYI BIZOTTS\u00c1GA IDEI \u00dcL\u00c9S\u00c9NEK UTOLS\u00d3 NAPJ\u00c1N, AMELYNEK EGYIK MOTT\u00d3JA AZ \u201eEGY HANG MINDEN N\u0150\u00c9RT\u201d VOLT.<\/p>","protected":false},"author":1,"featured_media":124,"comment_status":"closed","ping_status":"closed","sticky":false,"template":"","format":"standard","meta":{"footnotes":""},"categories":[1],"tags":[],"class_list":["post-67","post","type-post","status-publish","format-standard","has-post-thumbnail","hentry","category-uncategorized"],"_links":{"self":[{"href":"https:\/\/meltosag.hu\/en\/wp-json\/wp\/v2\/posts\/67","targetHints":{"allow":["GET"]}}],"collection":[{"href":"https:\/\/meltosag.hu\/en\/wp-json\/wp\/v2\/posts"}],"about":[{"href":"https:\/\/meltosag.hu\/en\/wp-json\/wp\/v2\/types\/post"}],"author":[{"embeddable":true,"href":"https:\/\/meltosag.hu\/en\/wp-json\/wp\/v2\/users\/1"}],"replies":[{"embeddable":true,"href":"https:\/\/meltosag.hu\/en\/wp-json\/wp\/v2\/comments?post=67"}],"version-history":[{"count":2,"href":"https:\/\/meltosag.hu\/en\/wp-json\/wp\/v2\/posts\/67\/revisions"}],"predecessor-version":[{"id":125,"href":"https:\/\/meltosag.hu\/en\/wp-json\/wp\/v2\/posts\/67\/revisions\/125"}],"wp:featuredmedia":[{"embeddable":true,"href":"https:\/\/meltosag.hu\/en\/wp-json\/wp\/v2\/media\/124"}],"wp:attachment":[{"href":"https:\/\/meltosag.hu\/en\/wp-json\/wp\/v2\/media?parent=67"}],"wp:term":[{"taxonomy":"category","embeddable":true,"href":"https:\/\/meltosag.hu\/en\/wp-json\/wp\/v2\/categories?post=67"},{"taxonomy":"post_tag","embeddable":true,"href":"https:\/\/meltosag.hu\/en\/wp-json\/wp\/v2\/tags?post=67"}],"curies":[{"name":"wp","href":"https:\/\/api.w.org\/{rel}","templated":true}]}}